{"id":166,"date":"2000-11-05T21:31:13","date_gmt":"2000-11-05T20:31:13","guid":{"rendered":"http:\/\/www.birnenpalme.de\/wp\/?p=166"},"modified":"2022-07-24T18:39:32","modified_gmt":"2022-07-24T17:39:32","slug":"die-sonne-schenkt-wieder-warme","status":"publish","type":"post","link":"https:\/\/www.birnenpalme.de\/wp\/?p=166","title":{"rendered":"GENIESSERHIMMEL"},"content":{"rendered":"<p>Die Sonne schenkt wieder W\u00e4rme,<br \/>\nich atme den Tag und sein Flair.<br \/>\nIch sitze vertr\u00e4umt im Cafe<br \/>\nund das f\u00e4llt mir gar nicht schwer.<\/p>\n<p>Eine Stimme sagt: &#8222;Lass dich doch treiben,<br \/>\nnimm den ganzen Tag frei,<br \/>\ng\u00f6nn dir doch was Gutes<br \/>\nund denk dir nichts dabei!&#8220;<\/p>\n<p>Und im Vorbeigehen\u00a0l\u00e4chelt ein M\u00e4dchen,<br \/>\nich erwidere zart seinen Gru\u00df,<br \/>\nund nun hat es ein St\u00fcck meiner Seele,<br \/>\negal wohin es gehen muss.<\/p>\n<p>Die Bedienung bringt mir das was ich mag,<br \/>\nmit einer Krone aus Schaum.<br \/>\nIch lehn mich zufrieden zur\u00fcck,<br \/>\nunter dem Kastanienbaum.<\/p>\n<p>Eine Wespe wird l\u00e4stig und landet<br \/>\nkopf\u00fcber in meinem Bier.<br \/>\nSie hat gro\u00dfes Gl\u00fcck, ich befreie sie,<br \/>\nden kleinen Schluck, den g\u00f6nn ich ihr.<\/p>\n<p>Und im Vorbeigehen\u00a0l\u00e4chelt ein M\u00e4dchen,<br \/>\nich erwidere zart seinen Gru\u00df,<br \/>\nund nun hat es ein St\u00fcck meiner Seele,<br \/>\negal wohin es gehen muss.<\/p>\n<p>Ein P\u00e4rchen geht Hand in Hand<br \/>\nwie beim ersten Mal spazieren.<br \/>\nSie fl\u00fcstert ihm leise ins Ohr<br \/>\nund er k\u00fcsst sie auf die Stirn.<\/p>\n<p>Diese Welt sieht zum Verlieben aus,<br \/>\nauf den Stra\u00dfen ist es still.<br \/>\nNiemand hupt oder dr\u00e4ngelt verwegen,<br \/>\nweil man es gem\u00fctlich will.<\/p>\n<p>Und im Vorbeigehen\u00a0l\u00e4chelt ein M\u00e4dchen,<br \/>\nich erwidere zart seinen Gru\u00df,<br \/>\nund nun hat es ein St\u00fcck meiner Seele,<br \/>\negal wohin es gehen muss.<\/p>\n<p>Und im Vorbeigehen\u00a0l\u00e4chelt ein M\u00e4dchen,<br \/>\nich erwidere zart seinen Gru\u00df,<br \/>\nund nun hat es ein St\u00fcck meiner Seele,<br \/>\nauch wenn ich noch bleiben\u00a0muss.<\/p>\n","protected":false},"excerpt":{"rendered":"<p>Die Sonne schenkt wieder W\u00e4rme, ich atme den Tag und sein Flair. Ich sitze vertr\u00e4umt im Cafe und das f\u00e4llt mir gar nicht schwer. Eine Stimme sagt: &#8222;Lass dich doch treiben, nimm den ganzen Tag frei, g\u00f6nn dir doch was Gutes und denk dir nichts dabei!&#8220; Und im Vorbeigehen\u00a0l\u00e4chelt ein M\u00e4dchen, ich erwidere zart seinen [&hellip;]<\/p>\n","protected":false},"author":2,"featured_media":0,"comment_status":"closed","ping_status":"closed","sticky":false,"template":"","format":"standard","meta":{"spay_email":"","footnotes":"","jetpack_publicize_message":""},"categories":[6],"tags":[],"class_list":["post-166","post","type-post","status-publish","format-standard","hentry","category-lieder"],"jetpack_featured_media_url":"","jetpack_publicize_connections":[],"jetpack_sharing_enabled":true,"jetpack_shortlink":"https:\/\/wp.me\/paU4IK-2G","_links":{"self":[{"href":"https:\/\/www.birnenpalme.de\/wp\/index.php?rest_route=\/wp\/v2\/posts\/166","targetHints":{"allow":["GET"]}}],"collection":[{"href":"https:\/\/www.birnenpalme.de\/wp\/index.php?rest_route=\/wp\/v2\/posts"}],"about":[{"href":"https:\/\/www.birnenpalme.de\/wp\/index.php?rest_route=\/wp\/v2\/types\/post"}],"author":[{"embeddable":true,"href":"https:\/\/www.birnenpalme.de\/wp\/index.php?rest_route=\/wp\/v2\/users\/2"}],"replies":[{"embeddable":true,"href":"https:\/\/www.birnenpalme.de\/wp\/index.php?rest_route=%2Fwp%2Fv2%2Fcomments&post=166"}],"version-history":[{"count":13,"href":"https:\/\/www.birnenpalme.de\/wp\/index.php?rest_route=\/wp\/v2\/posts\/166\/revisions"}],"predecessor-version":[{"id":2941,"href":"https:\/\/www.birnenpalme.de\/wp\/index.php?rest_route=\/wp\/v2\/posts\/166\/revisions\/2941"}],"wp:attachment":[{"href":"https:\/\/www.birnenpalme.de\/wp\/index.php?rest_route=%2Fwp%2Fv2%2Fmedia&parent=166"}],"wp:term":[{"taxonomy":"category","embeddable":true,"href":"https:\/\/www.birnenpalme.de\/wp\/index.php?rest_route=%2Fwp%2Fv2%2Fcategories&post=166"},{"taxonomy":"post_tag","embeddable":true,"href":"https:\/\/www.birnenpalme.de\/wp\/index.php?rest_route=%2Fwp%2Fv2%2Ftags&post=166"}],"curies":[{"name":"wp","href":"https:\/\/api.w.org\/{rel}","templated":true}]}}