{"id":2119,"date":"2006-02-01T18:47:35","date_gmt":"2006-02-01T17:47:35","guid":{"rendered":"http:\/\/www.birnenpalme.de\/wp\/?p=2119"},"modified":"2011-02-02T22:20:38","modified_gmt":"2011-02-02T21:20:38","slug":"ausklang","status":"publish","type":"post","link":"https:\/\/www.birnenpalme.de\/wp\/?p=2119","title":{"rendered":"AUSKLANG"},"content":{"rendered":"<p>Es schwindet Zeit und ungenau<br \/>\nSind Gem\u00fct und Glieder,<br \/>\nWebenschleier herbsten grau,<br \/>\nDie Sonne senkt sich fr\u00fcher.<\/p>\n<p>Ich spinne mir am Silbensinn,<br \/>\nM\u00f6cht ins Papier ihn schlagen,<br \/>\nDoch mein Kokon bleibt Hauch und d\u00fcnn,<br \/>\nGering ist sein Bewahren.<\/p>\n<p>Des Sommers Schwur entwindet sich,<br \/>\nVerweht wie Staub und Spreu,<br \/>\nSo sesshaft wie ein Federstrich<br \/>\nZieht Neues rasch vorbei.<\/p>\n<p>Und eh der Schnee das Laub begr\u00e4bt,<br \/>\nDies Farbenbunt zu stunden,<br \/>\nErsp\u00e4he ich was Keime tr\u00e4gt,<br \/>\nF\u00fchl mich von Pflicht entbunden.<\/p>\n","protected":false},"excerpt":{"rendered":"<p>Es schwindet Zeit und ungenau Sind Gem\u00fct und Glieder, Webenschleier herbsten grau, Die Sonne senkt sich fr\u00fcher. Ich spinne mir am Silbensinn, M\u00f6cht ins Papier ihn schlagen, Doch mein Kokon bleibt Hauch und d\u00fcnn, Gering ist sein Bewahren. Des Sommers Schwur entwindet sich, Verweht wie Staub und Spreu, So sesshaft wie ein Federstrich Zieht Neues [&hellip;]<\/p>\n","protected":false},"author":2,"featured_media":0,"comment_status":"open","ping_status":"open","sticky":false,"template":"","format":"standard","meta":{"spay_email":"","footnotes":"","jetpack_publicize_message":""},"categories":[21],"tags":[],"class_list":["post-2119","post","type-post","status-publish","format-standard","hentry","category-bunte-mischung-iii"],"jetpack_featured_media_url":"","jetpack_publicize_connections":[],"jetpack_sharing_enabled":true,"jetpack_shortlink":"https:\/\/wp.me\/saU4IK-ausklang","_links":{"self":[{"href":"https:\/\/www.birnenpalme.de\/wp\/index.php?rest_route=\/wp\/v2\/posts\/2119","targetHints":{"allow":["GET"]}}],"collection":[{"href":"https:\/\/www.birnenpalme.de\/wp\/index.php?rest_route=\/wp\/v2\/posts"}],"about":[{"href":"https:\/\/www.birnenpalme.de\/wp\/index.php?rest_route=\/wp\/v2\/types\/post"}],"author":[{"embeddable":true,"href":"https:\/\/www.birnenpalme.de\/wp\/index.php?rest_route=\/wp\/v2\/users\/2"}],"replies":[{"embeddable":true,"href":"https:\/\/www.birnenpalme.de\/wp\/index.php?rest_route=%2Fwp%2Fv2%2Fcomments&post=2119"}],"version-history":[{"count":2,"href":"https:\/\/www.birnenpalme.de\/wp\/index.php?rest_route=\/wp\/v2\/posts\/2119\/revisions"}],"predecessor-version":[{"id":2432,"href":"https:\/\/www.birnenpalme.de\/wp\/index.php?rest_route=\/wp\/v2\/posts\/2119\/revisions\/2432"}],"wp:attachment":[{"href":"https:\/\/www.birnenpalme.de\/wp\/index.php?rest_route=%2Fwp%2Fv2%2Fmedia&parent=2119"}],"wp:term":[{"taxonomy":"category","embeddable":true,"href":"https:\/\/www.birnenpalme.de\/wp\/index.php?rest_route=%2Fwp%2Fv2%2Fcategories&post=2119"},{"taxonomy":"post_tag","embeddable":true,"href":"https:\/\/www.birnenpalme.de\/wp\/index.php?rest_route=%2Fwp%2Fv2%2Ftags&post=2119"}],"curies":[{"name":"wp","href":"https:\/\/api.w.org\/{rel}","templated":true}]}}