{"id":2148,"date":"2006-02-01T19:02:56","date_gmt":"2006-02-01T18:02:56","guid":{"rendered":"http:\/\/www.birnenpalme.de\/wp\/?p=2148"},"modified":"2011-02-01T21:49:05","modified_gmt":"2011-02-01T20:49:05","slug":"scherbenschlund","status":"publish","type":"post","link":"https:\/\/www.birnenpalme.de\/wp\/?p=2148","title":{"rendered":"SCHERBENSCHLUND"},"content":{"rendered":"<p>Abgr\u00fcndig, wie wir endlich sind,<br \/>\nVerdammter Scherbenschlund,<br \/>\nZerrst gierig zu dir in den Sog,<br \/>\nVerschlie\u00dfend Aug und Mund.<\/p>\n<p>Du bricht und spaltest mit Gewalt<br \/>\nWer Freund und Gl\u00fcck geworden,<br \/>\nMuss tatenlos dies Splittern sp\u00fcrn,<br \/>\nDein unaufhaltsam Morden.<\/p>\n<p>Du pflegst die Willk\u00fcr unger\u00fchrt,<br \/>\nStumpf f\u00fcr Schrei und Tr\u00e4nen,<br \/>\nWo es mir die Kehle schn\u00fcrt,<br \/>\nScheinst du dich nach zu sehnen.<\/p>\n<p>Dich, Tod, soll meine Abscheu strafen,<br \/>\nSolang ich lieb auf Erden,<br \/>\nHalt mich an meiner Ohnmacht fest<br \/>\nUnd str\u00e4ube zu zerscherben.<\/p>\n","protected":false},"excerpt":{"rendered":"<p>Abgr\u00fcndig, wie wir endlich sind, Verdammter Scherbenschlund, Zerrst gierig zu dir in den Sog, Verschlie\u00dfend Aug und Mund. Du bricht und spaltest mit Gewalt Wer Freund und Gl\u00fcck geworden, Muss tatenlos dies Splittern sp\u00fcrn, Dein unaufhaltsam Morden. Du pflegst die Willk\u00fcr unger\u00fchrt, Stumpf f\u00fcr Schrei und Tr\u00e4nen, Wo es mir die Kehle schn\u00fcrt, Scheinst du [&hellip;]<\/p>\n","protected":false},"author":2,"featured_media":0,"comment_status":"open","ping_status":"open","sticky":false,"template":"","format":"standard","meta":{"spay_email":"","footnotes":"","jetpack_publicize_message":""},"categories":[21],"tags":[],"class_list":["post-2148","post","type-post","status-publish","format-standard","hentry","category-bunte-mischung-iii"],"jetpack_featured_media_url":"","jetpack_publicize_connections":[],"jetpack_sharing_enabled":true,"jetpack_shortlink":"https:\/\/wp.me\/paU4IK-yE","_links":{"self":[{"href":"https:\/\/www.birnenpalme.de\/wp\/index.php?rest_route=\/wp\/v2\/posts\/2148","targetHints":{"allow":["GET"]}}],"collection":[{"href":"https:\/\/www.birnenpalme.de\/wp\/index.php?rest_route=\/wp\/v2\/posts"}],"about":[{"href":"https:\/\/www.birnenpalme.de\/wp\/index.php?rest_route=\/wp\/v2\/types\/post"}],"author":[{"embeddable":true,"href":"https:\/\/www.birnenpalme.de\/wp\/index.php?rest_route=\/wp\/v2\/users\/2"}],"replies":[{"embeddable":true,"href":"https:\/\/www.birnenpalme.de\/wp\/index.php?rest_route=%2Fwp%2Fv2%2Fcomments&post=2148"}],"version-history":[{"count":2,"href":"https:\/\/www.birnenpalme.de\/wp\/index.php?rest_route=\/wp\/v2\/posts\/2148\/revisions"}],"predecessor-version":[{"id":2295,"href":"https:\/\/www.birnenpalme.de\/wp\/index.php?rest_route=\/wp\/v2\/posts\/2148\/revisions\/2295"}],"wp:attachment":[{"href":"https:\/\/www.birnenpalme.de\/wp\/index.php?rest_route=%2Fwp%2Fv2%2Fmedia&parent=2148"}],"wp:term":[{"taxonomy":"category","embeddable":true,"href":"https:\/\/www.birnenpalme.de\/wp\/index.php?rest_route=%2Fwp%2Fv2%2Fcategories&post=2148"},{"taxonomy":"post_tag","embeddable":true,"href":"https:\/\/www.birnenpalme.de\/wp\/index.php?rest_route=%2Fwp%2Fv2%2Ftags&post=2148"}],"curies":[{"name":"wp","href":"https:\/\/api.w.org\/{rel}","templated":true}]}}