{"id":2152,"date":"2006-02-01T19:04:14","date_gmt":"2006-02-01T18:04:14","guid":{"rendered":"http:\/\/www.birnenpalme.de\/wp\/?p=2152"},"modified":"2011-02-01T21:48:56","modified_gmt":"2011-02-01T20:48:56","slug":"versteinerungen","status":"publish","type":"post","link":"https:\/\/www.birnenpalme.de\/wp\/?p=2152","title":{"rendered":"VERSTEINERUNGEN"},"content":{"rendered":"<p>Ich breche Schnecken aus dem Kalk,<br \/>\nSammle was mich greifen l\u00e4sst,<br \/>\nWill st\u00fcndlich jedes St\u00fcck behaun,<br \/>\nKeile Illusionen fest.<\/p>\n<p>Begrenzt m\u00fcssen mich F\u00fc\u00dfe tragen,<br \/>\nSo unnahbar der Fels auch winkt.<br \/>\nSein Grau wird irgendwann Geh\u00e4use,<br \/>\nDas einst zur\u00fcck nach Hause bringt.<\/p>\n<p>R\u00fchrung reibt an Augenlidern,<br \/>\nBeim steten Steigen durch die Zeit,<br \/>\nUnd wo ich die Tektonik streife,<br \/>\nNebelt schon Verg\u00e4nglichkeit.<\/p>\n<p>Die Berge sind mir Muschelrest,<br \/>\nGezeitengleich gewogen.<br \/>\nDie Ewigkeit dient diesem Zweck:<br \/>\nMein Stein wird weichgebogen.<\/p>\n","protected":false},"excerpt":{"rendered":"<p>Ich breche Schnecken aus dem Kalk, Sammle was mich greifen l\u00e4sst, Will st\u00fcndlich jedes St\u00fcck behaun, Keile Illusionen fest. Begrenzt m\u00fcssen mich F\u00fc\u00dfe tragen, So unnahbar der Fels auch winkt. Sein Grau wird irgendwann Geh\u00e4use, Das einst zur\u00fcck nach Hause bringt. R\u00fchrung reibt an Augenlidern, Beim steten Steigen durch die Zeit, Und wo ich die [&hellip;]<\/p>\n","protected":false},"author":2,"featured_media":0,"comment_status":"open","ping_status":"open","sticky":false,"template":"","format":"standard","meta":{"spay_email":"","footnotes":"","jetpack_publicize_message":""},"categories":[21],"tags":[],"class_list":["post-2152","post","type-post","status-publish","format-standard","hentry","category-bunte-mischung-iii"],"jetpack_featured_media_url":"","jetpack_publicize_connections":[],"jetpack_sharing_enabled":true,"jetpack_shortlink":"https:\/\/wp.me\/paU4IK-yI","_links":{"self":[{"href":"https:\/\/www.birnenpalme.de\/wp\/index.php?rest_route=\/wp\/v2\/posts\/2152","targetHints":{"allow":["GET"]}}],"collection":[{"href":"https:\/\/www.birnenpalme.de\/wp\/index.php?rest_route=\/wp\/v2\/posts"}],"about":[{"href":"https:\/\/www.birnenpalme.de\/wp\/index.php?rest_route=\/wp\/v2\/types\/post"}],"author":[{"embeddable":true,"href":"https:\/\/www.birnenpalme.de\/wp\/index.php?rest_route=\/wp\/v2\/users\/2"}],"replies":[{"embeddable":true,"href":"https:\/\/www.birnenpalme.de\/wp\/index.php?rest_route=%2Fwp%2Fv2%2Fcomments&post=2152"}],"version-history":[{"count":2,"href":"https:\/\/www.birnenpalme.de\/wp\/index.php?rest_route=\/wp\/v2\/posts\/2152\/revisions"}],"predecessor-version":[{"id":2294,"href":"https:\/\/www.birnenpalme.de\/wp\/index.php?rest_route=\/wp\/v2\/posts\/2152\/revisions\/2294"}],"wp:attachment":[{"href":"https:\/\/www.birnenpalme.de\/wp\/index.php?rest_route=%2Fwp%2Fv2%2Fmedia&parent=2152"}],"wp:term":[{"taxonomy":"category","embeddable":true,"href":"https:\/\/www.birnenpalme.de\/wp\/index.php?rest_route=%2Fwp%2Fv2%2Fcategories&post=2152"},{"taxonomy":"post_tag","embeddable":true,"href":"https:\/\/www.birnenpalme.de\/wp\/index.php?rest_route=%2Fwp%2Fv2%2Ftags&post=2152"}],"curies":[{"name":"wp","href":"https:\/\/api.w.org\/{rel}","templated":true}]}}