{"id":2717,"date":"2019-03-05T21:10:26","date_gmt":"2019-03-05T20:10:26","guid":{"rendered":"http:\/\/www.birnenpalme.de\/wp\/?p=2717"},"modified":"2022-07-24T14:11:57","modified_gmt":"2022-07-24T13:11:57","slug":"lied-vom-greifbar-sein","status":"publish","type":"post","link":"https:\/\/www.birnenpalme.de\/wp\/?p=2717","title":{"rendered":"DA K\u00d6NNT IHR MICH ERWISCHEN"},"content":{"rendered":"<p>Was eben noch das Gr\u00f6\u00dfte war,<br \/>\nwird morgen klein geredet.<br \/>\nIch hab gelernt was man verlernt,<br \/>\nzu fr\u00fch ist wie versp\u00e4tet.<br \/>\nDrum bin ich treu und unversch\u00e4mt,<br \/>\nkann zuverl\u00e4ssig l\u00fcgen.<br \/>\nDie Wahrheit ist den Schwur nicht wert,<br \/>\nweil jeder Grund verschieden.<\/p>\n<p>Mal schlau, mal dumm, mal obenauf, mal unten und dazwischen.<br \/>\nIrgendwo und \u00fcberall, da k\u00f6nnt ihr mich erwischen.<br \/>\nUnd habt ihr mich, habt ihr mich nicht, denn darauf geb ich Acht:<br \/>\nSo gern und gut ich greifbar bin, ich werd nie festgemacht.<\/p>\n<p>Bevor dies Lied zu Ende geht,<br \/>\nhat ein anderes begonnen.<br \/>\nViele Ziele liegen hinter mir,<br \/>\ndoch noch ist nichts gewonnen.<br \/>\nDer Ehrgeiz l\u00e4sst kein Gramm zur\u00fcck,<br \/>\nw\u00fcnscht keine offene Frage.<br \/>\nDie Leichtigkeit h\u00e4lt kaum noch Schritt,<br \/>\nbei all dem was ich trage.<\/p>\n<p>Mal schlau, mal dumm, mal obenauf, mal unten und dazwischen.<br \/>\nIrgendwo und \u00fcberall, da k\u00f6nnt ihr mich erwischen.<br \/>\nUnd habt ihr mich, habt ihr mich nicht, denn darauf geb ich Acht:<br \/>\nSo gern und gut ich greifbar bin, ich werd nie festgemacht.<\/p>\n<p>Ich lieb die Ruhe vor dem Sturm,<br \/>\nwie sie mich l\u00e4hmen kann.<br \/>\nDoch wenn der Wind bald wieder dreht,<br \/>\nfang ich von vorne an.<br \/>\nUnd fang ich nicht von vorne an,<br \/>\nbeginn ich eben hinten.<br \/>\nEin Schlupfloch, das sich mir auftut,<br \/>\nwird sich sicher finden.<\/p>\n<p>Mal schlau, mal dumm, mal obenauf, mal unten und dazwischen.<br \/>\nIrgendwo und \u00fcberall, da k\u00f6nnt ihr mich erwischen.<br \/>\nUnd habt ihr mich, habt ihr mich nicht, denn darauf geb ich Acht:<br \/>\nSo gern und gut ich greifbar bin, ich werd nie festgemacht.<\/p>\n<p>&nbsp;<\/p>\n<p lang=\"en-US\"><span style=\"font-family: Arial, sans-serif;\"><span style=\"font-size: large;\">\u00a0<\/span><\/span><\/p>\n","protected":false},"excerpt":{"rendered":"<p>Was eben noch das Gr\u00f6\u00dfte war, wird morgen klein geredet. Ich hab gelernt was man verlernt, zu fr\u00fch ist wie versp\u00e4tet. Drum bin ich treu und unversch\u00e4mt, kann zuverl\u00e4ssig l\u00fcgen. Die Wahrheit ist den Schwur nicht wert, weil jeder Grund verschieden. Mal schlau, mal dumm, mal obenauf, mal unten und dazwischen. Irgendwo und \u00fcberall, da [&hellip;]<\/p>\n","protected":false},"author":2,"featured_media":0,"comment_status":"open","ping_status":"open","sticky":false,"template":"","format":"standard","meta":{"spay_email":"","footnotes":"","jetpack_publicize_message":""},"categories":[6],"tags":[],"class_list":["post-2717","post","type-post","status-publish","format-standard","hentry","category-lieder"],"jetpack_featured_media_url":"","jetpack_publicize_connections":[],"jetpack_sharing_enabled":true,"jetpack_shortlink":"https:\/\/wp.me\/paU4IK-HP","_links":{"self":[{"href":"https:\/\/www.birnenpalme.de\/wp\/index.php?rest_route=\/wp\/v2\/posts\/2717","targetHints":{"allow":["GET"]}}],"collection":[{"href":"https:\/\/www.birnenpalme.de\/wp\/index.php?rest_route=\/wp\/v2\/posts"}],"about":[{"href":"https:\/\/www.birnenpalme.de\/wp\/index.php?rest_route=\/wp\/v2\/types\/post"}],"author":[{"embeddable":true,"href":"https:\/\/www.birnenpalme.de\/wp\/index.php?rest_route=\/wp\/v2\/users\/2"}],"replies":[{"embeddable":true,"href":"https:\/\/www.birnenpalme.de\/wp\/index.php?rest_route=%2Fwp%2Fv2%2Fcomments&post=2717"}],"version-history":[{"count":6,"href":"https:\/\/www.birnenpalme.de\/wp\/index.php?rest_route=\/wp\/v2\/posts\/2717\/revisions"}],"predecessor-version":[{"id":2927,"href":"https:\/\/www.birnenpalme.de\/wp\/index.php?rest_route=\/wp\/v2\/posts\/2717\/revisions\/2927"}],"wp:attachment":[{"href":"https:\/\/www.birnenpalme.de\/wp\/index.php?rest_route=%2Fwp%2Fv2%2Fmedia&parent=2717"}],"wp:term":[{"taxonomy":"category","embeddable":true,"href":"https:\/\/www.birnenpalme.de\/wp\/index.php?rest_route=%2Fwp%2Fv2%2Fcategories&post=2717"},{"taxonomy":"post_tag","embeddable":true,"href":"https:\/\/www.birnenpalme.de\/wp\/index.php?rest_route=%2Fwp%2Fv2%2Ftags&post=2717"}],"curies":[{"name":"wp","href":"https:\/\/api.w.org\/{rel}","templated":true}]}}