{"id":2744,"date":"2019-03-05T23:07:23","date_gmt":"2019-03-05T22:07:23","guid":{"rendered":"http:\/\/www.birnenpalme.de\/wp\/?p=2744"},"modified":"2022-07-24T13:47:39","modified_gmt":"2022-07-24T12:47:39","slug":"lied-vom-glauben-andersherum","status":"publish","type":"post","link":"https:\/\/www.birnenpalme.de\/wp\/?p=2744","title":{"rendered":"ICH GLAUBE GLAUBE NICHT"},"content":{"rendered":"<p>Du sagst, ich bin ein L\u00f6we und die Sterne l\u00fcgen nicht,<br \/>\naus meinen H\u00e4nden willst du lesen, was der neue Tag verspricht.<br \/>\nDu glaubst, dass meine Zukunft schon beschlossene Sache ist.<br \/>\nIch glaub es nicht, ich glaube nicht.<\/p>\n<p>Du sagst, das Elend dieser Welt hat einen h\u00f6heren Sinn<br \/>\nund wer den Sch\u00f6pfer preist, bekommt den Hauptgewinn.<br \/>\nDu glaubst, f\u00fcr ein Gebet merkt er sich dein Gesicht.<br \/>\nIch glaub es nicht, ich glaube nicht.<\/p>\n<p>Du sagst, es gibt ein Paradies in das der Fromme geht,<br \/>\nwo er dann ohne Fleisch und Blut noch ewig weiter lebt.<br \/>\nDu glaubst, dass nur der Himmel das Ma\u00df der Dinge ist.<br \/>\nIch glaub es nicht, ich glaube nicht.<\/p>\n<p>Ich glaube, diese Welt ist weder schwarz noch wei\u00df.<br \/>\nIch glaube, dass kein Gott von meinen Missetaten wei\u00df.<br \/>\nIch glaube, meine Seele braucht keine Hintert\u00fcr,<br \/>\nsie geht mir nie fremd, nur einmal stirbt sie mit mir.<\/p>\n<p>Du sagt ich bin ein L\u00f6we und die Sterne l\u00fcgen nicht,<br \/>\naus meinen H\u00e4nden willst du lesen, was der neue Tag verspricht.<br \/>\nDu glaubst, dass meine Zukunft schon beschlossene Sache ist.<br \/>\nIch glaub es nicht, ich glaube nicht.<\/p>\n","protected":false},"excerpt":{"rendered":"<p>Du sagst, ich bin ein L\u00f6we und die Sterne l\u00fcgen nicht, aus meinen H\u00e4nden willst du lesen, was der neue Tag verspricht. Du glaubst, dass meine Zukunft schon beschlossene Sache ist. Ich glaub es nicht, ich glaube nicht. Du sagst, das Elend dieser Welt hat einen h\u00f6heren Sinn und wer den Sch\u00f6pfer preist, bekommt den [&hellip;]<\/p>\n","protected":false},"author":2,"featured_media":0,"comment_status":"open","ping_status":"open","sticky":false,"template":"","format":"standard","meta":{"spay_email":"","footnotes":"","jetpack_publicize_message":""},"categories":[6],"tags":[],"class_list":["post-2744","post","type-post","status-publish","format-standard","hentry","category-lieder"],"jetpack_featured_media_url":"","jetpack_publicize_connections":[],"jetpack_sharing_enabled":true,"jetpack_shortlink":"https:\/\/wp.me\/paU4IK-Ig","_links":{"self":[{"href":"https:\/\/www.birnenpalme.de\/wp\/index.php?rest_route=\/wp\/v2\/posts\/2744","targetHints":{"allow":["GET"]}}],"collection":[{"href":"https:\/\/www.birnenpalme.de\/wp\/index.php?rest_route=\/wp\/v2\/posts"}],"about":[{"href":"https:\/\/www.birnenpalme.de\/wp\/index.php?rest_route=\/wp\/v2\/types\/post"}],"author":[{"embeddable":true,"href":"https:\/\/www.birnenpalme.de\/wp\/index.php?rest_route=\/wp\/v2\/users\/2"}],"replies":[{"embeddable":true,"href":"https:\/\/www.birnenpalme.de\/wp\/index.php?rest_route=%2Fwp%2Fv2%2Fcomments&post=2744"}],"version-history":[{"count":4,"href":"https:\/\/www.birnenpalme.de\/wp\/index.php?rest_route=\/wp\/v2\/posts\/2744\/revisions"}],"predecessor-version":[{"id":2919,"href":"https:\/\/www.birnenpalme.de\/wp\/index.php?rest_route=\/wp\/v2\/posts\/2744\/revisions\/2919"}],"wp:attachment":[{"href":"https:\/\/www.birnenpalme.de\/wp\/index.php?rest_route=%2Fwp%2Fv2%2Fmedia&parent=2744"}],"wp:term":[{"taxonomy":"category","embeddable":true,"href":"https:\/\/www.birnenpalme.de\/wp\/index.php?rest_route=%2Fwp%2Fv2%2Fcategories&post=2744"},{"taxonomy":"post_tag","embeddable":true,"href":"https:\/\/www.birnenpalme.de\/wp\/index.php?rest_route=%2Fwp%2Fv2%2Ftags&post=2744"}],"curies":[{"name":"wp","href":"https:\/\/api.w.org\/{rel}","templated":true}]}}