{"id":375,"date":"2010-02-23T00:25:21","date_gmt":"2010-02-22T23:25:21","guid":{"rendered":"http:\/\/www.birnenpalme.de\/wp\/?p=375"},"modified":"2011-02-01T19:58:43","modified_gmt":"2011-02-01T18:58:43","slug":"greifbar","status":"publish","type":"post","link":"https:\/\/www.birnenpalme.de\/wp\/?p=375","title":{"rendered":"GREIFBAR"},"content":{"rendered":"<p>Gerne rede ich Ausreden,<br \/>\nertappe mich beim Entpflichten und Winden,<br \/>\nwarum es so oder so und so sein m\u00fcsste.<\/p>\n<p>Doch meine lausige Feigheit und Nichtstandhalten,<br \/>\ndie kleinschrittigen Tritte auf diebischen Spitzen<br \/>\nund das Sp\u00fcren, nur halbselig bekennend zu sein,<br \/>\nh\u00f6hlen mich immer mehr ein.<\/p>\n<p>Wie lange darf ich entschl\u00fcpfen,<br \/>\neuch weinerlich tun<br \/>\nund nie greifbar werden?<\/p>\n","protected":false},"excerpt":{"rendered":"<p>Gerne rede ich Ausreden, ertappe mich beim Entpflichten und Winden, warum es so oder so und so sein m\u00fcsste. Doch meine lausige Feigheit und Nichtstandhalten, die kleinschrittigen Tritte auf diebischen Spitzen und das Sp\u00fcren, nur halbselig bekennend zu sein, h\u00f6hlen mich immer mehr ein. Wie lange darf ich entschl\u00fcpfen, euch weinerlich tun und nie greifbar [&hellip;]<\/p>\n","protected":false},"author":2,"featured_media":0,"comment_status":"closed","ping_status":"closed","sticky":false,"template":"","format":"standard","meta":{"spay_email":"","footnotes":"","jetpack_publicize_message":""},"categories":[1],"tags":[],"class_list":["post-375","post","type-post","status-publish","format-standard","hentry","category-lyrik-1"],"jetpack_featured_media_url":"","jetpack_publicize_connections":[],"jetpack_sharing_enabled":true,"jetpack_shortlink":"https:\/\/wp.me\/saU4IK-greifbar","_links":{"self":[{"href":"https:\/\/www.birnenpalme.de\/wp\/index.php?rest_route=\/wp\/v2\/posts\/375","targetHints":{"allow":["GET"]}}],"collection":[{"href":"https:\/\/www.birnenpalme.de\/wp\/index.php?rest_route=\/wp\/v2\/posts"}],"about":[{"href":"https:\/\/www.birnenpalme.de\/wp\/index.php?rest_route=\/wp\/v2\/types\/post"}],"author":[{"embeddable":true,"href":"https:\/\/www.birnenpalme.de\/wp\/index.php?rest_route=\/wp\/v2\/users\/2"}],"replies":[{"embeddable":true,"href":"https:\/\/www.birnenpalme.de\/wp\/index.php?rest_route=%2Fwp%2Fv2%2Fcomments&post=375"}],"version-history":[{"count":4,"href":"https:\/\/www.birnenpalme.de\/wp\/index.php?rest_route=\/wp\/v2\/posts\/375\/revisions"}],"predecessor-version":[{"id":2215,"href":"https:\/\/www.birnenpalme.de\/wp\/index.php?rest_route=\/wp\/v2\/posts\/375\/revisions\/2215"}],"wp:attachment":[{"href":"https:\/\/www.birnenpalme.de\/wp\/index.php?rest_route=%2Fwp%2Fv2%2Fmedia&parent=375"}],"wp:term":[{"taxonomy":"category","embeddable":true,"href":"https:\/\/www.birnenpalme.de\/wp\/index.php?rest_route=%2Fwp%2Fv2%2Fcategories&post=375"},{"taxonomy":"post_tag","embeddable":true,"href":"https:\/\/www.birnenpalme.de\/wp\/index.php?rest_route=%2Fwp%2Fv2%2Ftags&post=375"}],"curies":[{"name":"wp","href":"https:\/\/api.w.org\/{rel}","templated":true}]}}